{"id":293,"date":"2018-08-31T00:12:09","date_gmt":"2018-08-30T22:12:09","guid":{"rendered":"https:\/\/fliegergeschwader28.de\/hstws\/?p=293"},"modified":"2018-09-04T16:20:03","modified_gmt":"2018-09-04T14:20:03","slug":"neu-dabei-fg28_dostal","status":"publish","type":"post","link":"https:\/\/www.fliegergeschwader28.de\/hstws\/neu-dabei-fg28_dostal\/","title":{"rendered":"Neu dabei: FG28_Dostal"},"content":{"rendered":"<p>Wir begr\u00fc\u00dfen herzlich FG28_Dostal in unseren Reihen!<\/p>\n<p>Dostal hat sich die Kennung WS-P ausgesucht und holt in K\u00fcrze die Schl\u00fcssel zu seiner neuen Maschine ab.<\/p>\n","protected":false},"excerpt":{"rendered":"<p>Wir begr\u00fc\u00dfen herzlich FG28_Dostal in unseren Reihen! Dostal hat sich die Kennung WS-P ausgesucht und holt in K\u00fcrze die Schl\u00fcssel zu seiner neuen Maschine ab.<\/p>\n","protected":false},"author":1,"featured_media":0,"comment_status":"closed","ping_status":"closed","sticky":false,"template":"","format":"standard","meta":{"footnotes":""},"categories":[7],"tags":[],"class_list":["post-293","post","type-post","status-publish","format-standard","hentry","category-fg28"],"_links":{"self":[{"href":"https:\/\/www.fliegergeschwader28.de\/hstws\/wp-json\/wp\/v2\/posts\/293","targetHints":{"allow":["GET"]}}],"collection":[{"href":"https:\/\/www.fliegergeschwader28.de\/hstws\/wp-json\/wp\/v2\/posts"}],"about":[{"href":"https:\/\/www.fliegergeschwader28.de\/hstws\/wp-json\/wp\/v2\/types\/post"}],"author":[{"embeddable":true,"href":"https:\/\/www.fliegergeschwader28.de\/hstws\/wp-json\/wp\/v2\/users\/1"}],"replies":[{"embeddable":true,"href":"https:\/\/www.fliegergeschwader28.de\/hstws\/wp-json\/wp\/v2\/comments?post=293"}],"version-history":[{"count":2,"href":"https:\/\/www.fliegergeschwader28.de\/hstws\/wp-json\/wp\/v2\/posts\/293\/revisions"}],"predecessor-version":[{"id":317,"href":"https:\/\/www.fliegergeschwader28.de\/hstws\/wp-json\/wp\/v2\/posts\/293\/revisions\/317"}],"wp:attachment":[{"href":"https:\/\/www.fliegergeschwader28.de\/hstws\/wp-json\/wp\/v2\/media?parent=293"}],"wp:term":[{"taxonomy":"category","embeddable":true,"href":"https:\/\/www.fliegergeschwader28.de\/hstws\/wp-json\/wp\/v2\/categories?post=293"},{"taxonomy":"post_tag","embeddable":true,"href":"https:\/\/www.fliegergeschwader28.de\/hstws\/wp-json\/wp\/v2\/tags?post=293"}],"curies":[{"name":"wp","href":"https:\/\/api.w.org\/{rel}","templated":true}]}}